{"id":8756,"date":"2025-11-12T09:00:00","date_gmt":"2025-11-12T08:00:00","guid":{"rendered":"https:\/\/gruppohalleyveneto.it\/?p=8756"},"modified":"2025-11-07T14:42:24","modified_gmt":"2025-11-07T13:42:24","slug":"adeguamento-alla-direttiva-nis2","status":"publish","type":"post","link":"https:\/\/gruppohalleyveneto.it\/index.php\/2025\/11\/12\/adeguamento-alla-direttiva-nis2\/","title":{"rendered":"Adeguamento alla Direttiva NIS2"},"content":{"rendered":"\n<p class=\"has-colibri-color-7-color has-text-color has-link-color wp-elements-82b7cf6ea6ed98688b53678ad14d23f8\"><strong>In seguito alla conferenza proposta da Fenice Accademy &#8211; Fondazione Fenice il 29 ottobre a Vicenza, un&#8217;anno dopo l&#8217;entrata in vigore della NIS2<\/strong><\/p>\n\n\n\n<h5 class=\"wp-block-heading\">Introduzione<\/h5>\n\n\n\n<p>La Direttiva NIS2, recepita in Italia con il Decreto Legislativo 4 settembre 2024, n. 138, rappresenta un&#8217;evoluzione significativa nel panorama della sicurezza informatica nazionale. Entrata in vigore il 16 ottobre 2024, essa amplia il campo d&#8217;azione della precedente normativa NIS, introducendo misure pi\u00f9 rigorose e coinvolgendo un numero maggiore di settori e soggetti. Per la Pubblica Amministrazione, l&#8217;adeguamento alla NIS2 non \u00e8 solo un obbligo normativo, ma una necessit\u00e0 strategica per garantire la continuit\u00e0 operativa, la protezione dei dati e la fiducia dei cittadini.<\/p>\n\n\n\n<div style=\"height:20px\" aria-hidden=\"true\" class=\"wp-block-spacer\"><\/div>\n\n\n\n<h5 class=\"wp-block-heading\">Contesto Normativo<\/h5>\n\n\n\n<p>La NIS2 nasce con l&#8217;obiettivo di garantire un livello elevato e uniforme di cybersecurity in tutta l&#8217;Unione Europea. In Italia, il recepimento tramite il D.Lgs. 138\/2024 ha rafforzato il ruolo dell&#8217;Agenzia per la Cybersicurezza Nazionale (ACN), attribuendole il compito di identificare le entit\u00e0 essenziali e importanti e di vigilare sull&#8217;applicazione delle misure previste. Il decreto include l&#8217;intera infrastruttura ICT, estendendo la protezione oltre i soli sistemi che erogano servizi essenziali.<\/p>\n\n\n\n<div style=\"height:20px\" aria-hidden=\"true\" class=\"wp-block-spacer\"><\/div>\n\n\n\n<div class=\"wp-block-columns is-layout-flex wp-container-core-columns-is-layout-9d6595d7 wp-block-columns-is-layout-flex\">\n<div class=\"wp-block-column is-layout-flow wp-block-column-is-layout-flow\">\n<h5 class=\"wp-block-heading\">Ambito di Applicazione<\/h5>\n\n\n\n<p>La normativa si applica a 18 settori, di cui 11 altamente critici e 7 critici, coinvolgendo oltre 80 tipologie di soggetti. Le entit\u00e0 sono classificate come &#8216;essenziali&#8217; o &#8216;importanti&#8217; in base al loro impatto sulla resilienza nazionale. Le medie e grandi imprese sono incluse, mentre le piccole e micro imprese sono escluse salvo casi strategici. Per la Pubblica Amministrazione, ci\u00f2 implica l&#8217;inclusione di enti che gestiscono servizi fondamentali, infrastrutture critiche e dati sensibili.<\/p>\n\n\n\n<p>Le entit\u00e0 sono suddivise in due categorie:<\/p>\n\n\n\n<ul class=\"wp-block-list\">\n<li>Essenziali: quelle che forniscono servizi fondamentali per il funzionamento della societ\u00e0.<\/li>\n\n\n\n<li>Importanti: hanno un impatto rilevante sulla resilienza complessiva.<\/li>\n<\/ul>\n<\/div>\n\n\n\n<div class=\"wp-block-column is-layout-flow wp-block-column-is-layout-flow\" style=\"flex-basis:60px\">\n<h5 class=\"wp-block-heading\"><\/h5>\n<\/div>\n\n\n\n<div class=\"wp-block-column is-layout-flow wp-block-column-is-layout-flow\">\n<h5 class=\"wp-block-heading\">Scadenze e Tempistiche<\/h5>\n\n\n\n<p>Le scadenze previste dal decreto sono stringenti e richiedono un&#8217;attenta pianificazione:<br>&#8211; Entro il 28 febbraio 2025: censimento e registrazione presso l&#8217;ACN.<br>&#8211; Aprile 2025: pubblicazione dell&#8217;elenco definitivo dei soggetti NIS e definizione degli obblighi di base.<br>&#8211; Gennaio 2026: obbligo di notifica degli incidenti significativi.<br>&#8211; Ottobre 2026: implementazione delle misure di sicurezza avanzate, inclusa la gestione del rischio informatico.<\/p>\n<\/div>\n<\/div>\n\n\n\n<div style=\"height:20px\" aria-hidden=\"true\" class=\"wp-block-spacer\"><\/div>\n\n\n\n<h5 class=\"wp-block-heading\"><\/h5>\n\n\n\n<h5 class=\"wp-block-heading\">Principali Obblighi<\/h5>\n\n\n\n<p>Le entit\u00e0 soggette alla NIS2 devono adottare misure tecniche e organizzative adeguate per la gestione dei rischi informatici. Tra gli obblighi principali si annoverano:<br>&#8211; Implementazione di sistemi di rilevazione e risposta agli incidenti.<br>&#8211; Notifica tempestiva degli incidenti significativi.<br>&#8211; Adozione di politiche di sicurezza coerenti con il NIST Cybersecurity Framework.<br>&#8211; Formazione del personale e aggiornamento continuo delle competenze.<br>Questi obblighi si traducono in un rafforzamento della governance digitale e nella necessit\u00e0 di investimenti mirati.<\/p>\n\n\n\n<div style=\"height:20px\" aria-hidden=\"true\" class=\"wp-block-spacer\"><\/div>\n\n\n\n<h5 class=\"wp-block-heading\">Sanzioni<\/h5>\n\n\n\n<p>La mancata conformit\u00e0 alla NIS2 comporta sanzioni amministrative pecuniarie rilevanti:<br>&#8211; Fino allo 0,1% del fatturato per mancata registrazione.<br>&#8211; Fino a 7 milioni di euro o l&#8217;1,4% del fatturato per soggetti importanti.<br>&#8211; Fino a 10 milioni di euro o il 2% del fatturato per soggetti essenziali.<br>Sono previste anche sanzioni accessorie per i dirigenti, inclusa l&#8217;incapacit\u00e0 a ricoprire ruoli dirigenziali.<\/p>\n\n\n\n<div style=\"height:20px\" aria-hidden=\"true\" class=\"wp-block-spacer\"><\/div>\n\n\n\n<h5 class=\"wp-block-heading\">Utilit\u00e0 Strategica per la Pubblica Amministrazione<\/h5>\n\n\n\n<p>L&#8217;adeguamento alla NIS2 offre alla Pubblica Amministrazione l&#8217;opportunit\u00e0 di rafforzare la propria resilienza digitale, migliorare la protezione dei dati e garantire la continuit\u00e0 dei servizi essenziali. L&#8217;adozione di un approccio multirischio, basato su framework riconosciuti, consente di affrontare le minacce emergenti con maggiore efficacia. Inoltre, la conformit\u00e0 alla normativa favorisce la trasparenza, la fiducia dei cittadini e la cooperazione interistituzionale.<\/p>\n\n\n\n<div style=\"height:20px\" aria-hidden=\"true\" class=\"wp-block-spacer\"><\/div>\n\n\n\n<h5 class=\"wp-block-heading\">Risorse Operative<\/h5>\n\n\n\n<p>Per supportare l&#8217;adeguamento, si segnalano le seguenti risorse:<br>&#8211; NIST Cybersecurity Framework: guida alla gestione dei rischi informatici.<br>&#8211; Portale ACN (www.acn.gov.it): informazioni normative, strumenti di registrazione, linee guida operative.<br>L&#8217;utilizzo di queste risorse \u00e8 fondamentale per pianificare e monitorare il processo di conformit\u00e0.<\/p>\n\n\n\n<div style=\"height:20px\" aria-hidden=\"true\" class=\"wp-block-spacer\"><\/div>\n\n\n\n<h5 class=\"wp-block-heading\">Conclusione<\/h5>\n\n\n\n<p>La Direttiva NIS 2 rappresenta &#8220;innovazione&#8221; per la sicurezza informatica nazionale. Per la Pubblica Amministrazione, l&#8217;adeguamento \u00e8 un imperativo strategico che richiede impegno, pianificazione e investimenti. Prepararsi per tempo, formare il personale e adottare strumenti adeguati sono azioni indispensabili per trasformare un obbligo normativo in un vantaggio competitivo e in un servizio pi\u00f9 sicuro per i cittadini.<\/p>\n\n\n\n<div style=\"height:20px\" aria-hidden=\"true\" class=\"wp-block-spacer\"><\/div>\n\n\n\n<h4 class=\"wp-block-heading\">I RELATORI DELLA CONFERENZA<\/h4>\n\n\n\n<div style=\"height:50px\" aria-hidden=\"true\" class=\"wp-block-spacer\"><\/div>\n\n\n\n<div class=\"wp-block-columns is-layout-flex wp-container-core-columns-is-layout-9d6595d7 wp-block-columns-is-layout-flex\">\n<div class=\"wp-block-column is-layout-flow wp-block-column-is-layout-flow\" style=\"flex-basis:15%\">\n<figure class=\"wp-block-image size-thumbnail is-style-rounded\"><img loading=\"lazy\" decoding=\"async\" width=\"150\" height=\"150\" src=\"https:\/\/gruppohalleyveneto.it\/wp-content\/uploads\/2025\/10\/Butti-Alessio-2-150x150.jpg\" alt=\"\" class=\"wp-image-8810\" style=\"object-fit:cover\" srcset=\"https:\/\/gruppohalleyveneto.it\/wp-content\/uploads\/2025\/10\/Butti-Alessio-2-150x150.jpg 150w, https:\/\/gruppohalleyveneto.it\/wp-content\/uploads\/2025\/10\/Butti-Alessio-2-300x300.jpg 300w, https:\/\/gruppohalleyveneto.it\/wp-content\/uploads\/2025\/10\/Butti-Alessio-2.jpg 760w\" sizes=\"auto, (max-width: 150px) 100vw, 150px\" \/><\/figure>\n<\/div>\n\n\n\n<div class=\"wp-block-column is-layout-flow wp-block-column-is-layout-flow\" style=\"flex-basis:30%\">\n<p><strong>Alessio Butti &#8211; Sottosegretario alla Presidenza del Consiglio dei ministri per l\u2019Innovazione tecnologica e la Transizione digitale<\/strong><\/p>\n\n\n\n<p>La cybersicurezza non \u00e8 pi\u00f9 un costo accessorio ma un investimento strategico per innovazione e competitivit\u00e0. Serve protezione \u201cby design\u201d, anche per i fornitori pi\u00f9 piccoli. Le regole internazionali diventano un passaporto per i mercati. Competenze, autonomia tecnologica e collaborazione pubblico-privato sono le chiavi per affrontare le sfide future.<\/p>\n<\/div>\n\n\n\n<div class=\"wp-block-column is-layout-flow wp-block-column-is-layout-flow\" style=\"flex-basis:10%\"><\/div>\n\n\n\n<div class=\"wp-block-column is-layout-flow wp-block-column-is-layout-flow\" style=\"flex-basis:15%\">\n<figure class=\"wp-block-image size-thumbnail is-style-rounded\"><img loading=\"lazy\" decoding=\"async\" width=\"150\" height=\"150\" src=\"https:\/\/gruppohalleyveneto.it\/wp-content\/uploads\/2025\/10\/IMG_9192-2-1-150x150.jpg\" alt=\"\" class=\"wp-image-8846\" srcset=\"https:\/\/gruppohalleyveneto.it\/wp-content\/uploads\/2025\/10\/IMG_9192-2-1-150x150.jpg 150w, https:\/\/gruppohalleyveneto.it\/wp-content\/uploads\/2025\/10\/IMG_9192-2-1-300x300.jpg 300w, https:\/\/gruppohalleyveneto.it\/wp-content\/uploads\/2025\/10\/IMG_9192-2-1-1024x1024.jpg 1024w, https:\/\/gruppohalleyveneto.it\/wp-content\/uploads\/2025\/10\/IMG_9192-2-1-768x768.jpg 768w, https:\/\/gruppohalleyveneto.it\/wp-content\/uploads\/2025\/10\/IMG_9192-2-1-1536x1536.jpg 1536w, https:\/\/gruppohalleyveneto.it\/wp-content\/uploads\/2025\/10\/IMG_9192-2-1-1320x1320.jpg 1320w, https:\/\/gruppohalleyveneto.it\/wp-content\/uploads\/2025\/10\/IMG_9192-2-1.jpg 1565w\" sizes=\"auto, (max-width: 150px) 100vw, 150px\" \/><\/figure>\n<\/div>\n\n\n\n<div class=\"wp-block-column is-layout-flow wp-block-column-is-layout-flow\" style=\"flex-basis:30%\">\n<p><strong>Roberto Ciambetti &#8211; Presidente del Consiglio Regionale del Veneto<\/strong><\/p>\n\n\n\n<p>Il Presidente ha illustrato l\u2019impegno del Veneto nella cyber-sicurezza: attuazione del CERT regionale, governance allineata alla NIS2, fondi per servizi e formazione, supporto alle PA e PMI. La NIS2 \u00e8 vista come opportunit\u00e0 per rafforzare la filiera digitale, la sovranit\u00e0 tecnologica e la competitivit\u00e0. Proposti esercitazioni, capitolati ICT e percorsi formativi brevi.<\/p>\n<\/div>\n<\/div>\n\n\n\n<div style=\"height:50px\" aria-hidden=\"true\" class=\"wp-block-spacer\"><\/div>\n\n\n\n<div class=\"wp-block-columns is-layout-flex wp-container-core-columns-is-layout-9d6595d7 wp-block-columns-is-layout-flex\">\n<div class=\"wp-block-column is-layout-flow wp-block-column-is-layout-flow\" style=\"flex-basis:15%\">\n<figure class=\"wp-block-image size-thumbnail is-style-rounded\"><img loading=\"lazy\" decoding=\"async\" width=\"150\" height=\"150\" src=\"https:\/\/gruppohalleyveneto.it\/wp-content\/uploads\/2025\/10\/elena-donazzan-4-scaled-2-150x150.jpg\" alt=\"\" class=\"wp-image-8829\" style=\"object-fit:cover\" srcset=\"https:\/\/gruppohalleyveneto.it\/wp-content\/uploads\/2025\/10\/elena-donazzan-4-scaled-2-150x150.jpg 150w, https:\/\/gruppohalleyveneto.it\/wp-content\/uploads\/2025\/10\/elena-donazzan-4-scaled-2-300x300.jpg 300w, https:\/\/gruppohalleyveneto.it\/wp-content\/uploads\/2025\/10\/elena-donazzan-4-scaled-2-1024x1024.jpg 1024w, https:\/\/gruppohalleyveneto.it\/wp-content\/uploads\/2025\/10\/elena-donazzan-4-scaled-2-768x768.jpg 768w, https:\/\/gruppohalleyveneto.it\/wp-content\/uploads\/2025\/10\/elena-donazzan-4-scaled-2.jpg 1199w\" sizes=\"auto, (max-width: 150px) 100vw, 150px\" \/><\/figure>\n<\/div>\n\n\n\n<div class=\"wp-block-column is-layout-flow wp-block-column-is-layout-flow\" style=\"flex-basis:30%\">\n<p><strong><strong>Elena Donazzan<\/strong> &#8211; Vicepresidente della Commissione Industria del Parlamento Europeo<\/strong><\/p>\n\n\n\n<p>La cybersicurezza industriale richiede norme nazionali coerenti con il quadro europeo. Serve un equilibrio tra tecnologia, controllo umano e competenze. Il legislatore deve ascoltare gli operatori per creare regole efficaci. La formazione continua \u00e8 cruciale: l\u2019uomo resta centrale nel gestire limiti e responsabilit\u00e0.<\/p>\n<\/div>\n\n\n\n<div class=\"wp-block-column is-layout-flow wp-block-column-is-layout-flow\" style=\"flex-basis:10%\"><\/div>\n\n\n\n<div class=\"wp-block-column is-layout-flow wp-block-column-is-layout-flow\" style=\"flex-basis:15%\">\n<figure class=\"wp-block-image size-thumbnail is-style-rounded\"><img loading=\"lazy\" decoding=\"async\" width=\"150\" height=\"150\" src=\"https:\/\/gruppohalleyveneto.it\/wp-content\/uploads\/2025\/10\/IMG_9202-150x150.jpg\" alt=\"\" class=\"wp-image-8843\" srcset=\"https:\/\/gruppohalleyveneto.it\/wp-content\/uploads\/2025\/10\/IMG_9202-150x150.jpg 150w, https:\/\/gruppohalleyveneto.it\/wp-content\/uploads\/2025\/10\/IMG_9202-300x300.jpg 300w, https:\/\/gruppohalleyveneto.it\/wp-content\/uploads\/2025\/10\/IMG_9202-1024x1024.jpg 1024w, https:\/\/gruppohalleyveneto.it\/wp-content\/uploads\/2025\/10\/IMG_9202-768x768.jpg 768w, https:\/\/gruppohalleyveneto.it\/wp-content\/uploads\/2025\/10\/IMG_9202-1536x1536.jpg 1536w, https:\/\/gruppohalleyveneto.it\/wp-content\/uploads\/2025\/10\/IMG_9202-2048x2048.jpg 2048w, https:\/\/gruppohalleyveneto.it\/wp-content\/uploads\/2025\/10\/IMG_9202-1320x1320.jpg 1320w\" sizes=\"auto, (max-width: 150px) 100vw, 150px\" \/><\/figure>\n<\/div>\n\n\n\n<div class=\"wp-block-column is-layout-flow wp-block-column-is-layout-flow\" style=\"flex-basis:30%\">\n<p><strong>Maria Carlesi &#8211; Presidente di Confimi Industria Veneto<\/strong><\/p>\n\n\n\n<p>Le PMI venete investono molto nel digitale, ma trascurano la cybersicurezza. Solo il 15% ha un livello strutturato di protezione. La normativa NIS2 spaventa, ma \u00e8 un\u2019opportunit\u00e0 per riflettere sui rischi. Serve supporto concreto: formazione, sensibilizzazione e risorse economiche. La sicurezza \u00e8 parte integrante della sostenibilit\u00e0 e competitivit\u00e0 del sistema produttivo.<\/p>\n<\/div>\n<\/div>\n\n\n\n<div style=\"height:50px\" aria-hidden=\"true\" class=\"wp-block-spacer\"><\/div>\n\n\n\n<div class=\"wp-block-columns is-layout-flex wp-container-core-columns-is-layout-9d6595d7 wp-block-columns-is-layout-flex\">\n<div class=\"wp-block-column is-layout-flow wp-block-column-is-layout-flow\" style=\"flex-basis:15%\">\n<figure class=\"wp-block-image size-thumbnail is-style-rounded\"><img loading=\"lazy\" decoding=\"async\" width=\"150\" height=\"150\" src=\"https:\/\/gruppohalleyveneto.it\/wp-content\/uploads\/2025\/10\/IMG_9205-150x150.jpg\" alt=\"\" class=\"wp-image-8852\" style=\"object-fit:cover\" srcset=\"https:\/\/gruppohalleyveneto.it\/wp-content\/uploads\/2025\/10\/IMG_9205-150x150.jpg 150w, https:\/\/gruppohalleyveneto.it\/wp-content\/uploads\/2025\/10\/IMG_9205-300x300.jpg 300w, https:\/\/gruppohalleyveneto.it\/wp-content\/uploads\/2025\/10\/IMG_9205-1024x1024.jpg 1024w, https:\/\/gruppohalleyveneto.it\/wp-content\/uploads\/2025\/10\/IMG_9205-768x768.jpg 768w, https:\/\/gruppohalleyveneto.it\/wp-content\/uploads\/2025\/10\/IMG_9205-1536x1536.jpg 1536w, https:\/\/gruppohalleyveneto.it\/wp-content\/uploads\/2025\/10\/IMG_9205-2048x2048.jpg 2048w, https:\/\/gruppohalleyveneto.it\/wp-content\/uploads\/2025\/10\/IMG_9205-1320x1320.jpg 1320w\" sizes=\"auto, (max-width: 150px) 100vw, 150px\" \/><\/figure>\n<\/div>\n\n\n\n<div class=\"wp-block-column is-layout-flow wp-block-column-is-layout-flow\" style=\"flex-basis:30%\">\n<p><strong><strong>Milena Antonella Rizzi &#8211; Capo del Servizio di Regolazione ACN<\/strong><\/strong><\/p>\n\n\n\n<p>Rizzi ha illustrato lo stato dell\u2019arte dell\u2019applicazione della NIS2 e della norma IEC 62443, evidenziando l\u2019importanza della gradualit\u00e0 nell\u2019adozione delle misure di sicurezza, la figura del referente PSIRT, e la necessit\u00e0 di una governance chiara. Ha sottolineato l\u2019urgenza di attivare sistemi di monitoraggio per la notifica degli incidenti entro gennaio 2026.<\/p>\n<\/div>\n\n\n\n<div class=\"wp-block-column is-layout-flow wp-block-column-is-layout-flow\" style=\"flex-basis:10%\"><\/div>\n\n\n\n<div class=\"wp-block-column is-layout-flow wp-block-column-is-layout-flow\" style=\"flex-basis:15%\">\n<figure class=\"wp-block-image size-thumbnail is-style-rounded\"><img loading=\"lazy\" decoding=\"async\" width=\"150\" height=\"150\" src=\"https:\/\/gruppohalleyveneto.it\/wp-content\/uploads\/2025\/10\/IMG_9211-150x150.jpg\" alt=\"\" class=\"wp-image-8849\" srcset=\"https:\/\/gruppohalleyveneto.it\/wp-content\/uploads\/2025\/10\/IMG_9211-150x150.jpg 150w, https:\/\/gruppohalleyveneto.it\/wp-content\/uploads\/2025\/10\/IMG_9211-300x300.jpg 300w, https:\/\/gruppohalleyveneto.it\/wp-content\/uploads\/2025\/10\/IMG_9211-1024x1024.jpg 1024w, https:\/\/gruppohalleyveneto.it\/wp-content\/uploads\/2025\/10\/IMG_9211-768x768.jpg 768w, https:\/\/gruppohalleyveneto.it\/wp-content\/uploads\/2025\/10\/IMG_9211-1536x1536.jpg 1536w, https:\/\/gruppohalleyveneto.it\/wp-content\/uploads\/2025\/10\/IMG_9211-1320x1320.jpg 1320w, https:\/\/gruppohalleyveneto.it\/wp-content\/uploads\/2025\/10\/IMG_9211.jpg 1821w\" sizes=\"auto, (max-width: 150px) 100vw, 150px\" \/><\/figure>\n<\/div>\n\n\n\n<div class=\"wp-block-column is-layout-flow wp-block-column-is-layout-flow\" style=\"flex-basis:30%\">\n<p><strong>Andrea Grigoletto &#8211; Direttore Tecnico Fondazione Fenice<\/strong><\/p>\n\n\n\n<p>Ha presentato le linee guida e le proposte formative per l\u2019applicazione della direttiva NIS2, sottolineando l\u2019importanza di proteggere le infrastrutture critiche e valorizzare il dato come asset strategico. Ha illustrato un percorso formativo in tre fasi (informativa, giuridica, pratica) per aiutare le aziende a posizionarsi correttamente rispetto alla normativa, promuovendo competenze interne e consapevolezza.<\/p>\n<\/div>\n<\/div>\n\n\n\n<div style=\"height:50px\" aria-hidden=\"true\" class=\"wp-block-spacer\"><\/div>\n\n\n\n<div class=\"wp-block-columns is-layout-flex wp-container-core-columns-is-layout-9d6595d7 wp-block-columns-is-layout-flex\">\n<div class=\"wp-block-column is-layout-flow wp-block-column-is-layout-flow\" style=\"flex-basis:15%\">\n<figure class=\"wp-block-image size-thumbnail is-style-rounded\"><img loading=\"lazy\" decoding=\"async\" width=\"150\" height=\"150\" src=\"https:\/\/gruppohalleyveneto.it\/wp-content\/uploads\/2025\/10\/IMG_9214-150x150.jpg\" alt=\"\" class=\"wp-image-8856\" style=\"object-fit:cover\" srcset=\"https:\/\/gruppohalleyveneto.it\/wp-content\/uploads\/2025\/10\/IMG_9214-150x150.jpg 150w, https:\/\/gruppohalleyveneto.it\/wp-content\/uploads\/2025\/10\/IMG_9214-300x300.jpg 300w, https:\/\/gruppohalleyveneto.it\/wp-content\/uploads\/2025\/10\/IMG_9214-1024x1024.jpg 1024w, https:\/\/gruppohalleyveneto.it\/wp-content\/uploads\/2025\/10\/IMG_9214-768x768.jpg 768w, https:\/\/gruppohalleyveneto.it\/wp-content\/uploads\/2025\/10\/IMG_9214-1536x1536.jpg 1536w, https:\/\/gruppohalleyveneto.it\/wp-content\/uploads\/2025\/10\/IMG_9214-1320x1320.jpg 1320w, https:\/\/gruppohalleyveneto.it\/wp-content\/uploads\/2025\/10\/IMG_9214.jpg 1950w\" sizes=\"auto, (max-width: 150px) 100vw, 150px\" \/><\/figure>\n<\/div>\n\n\n\n<div class=\"wp-block-column is-layout-flow wp-block-column-is-layout-flow\" style=\"flex-basis:30%\">\n<p><strong><strong>Davide Simionato &#8211; Direttore Generale Gruppo Halley Veneto<\/strong><\/strong><\/p>\n\n\n\n<p>Ha evidenziato l\u2019importanza di condividere regole e prassi con tutto il personale della PA per accrescere la consapevolezza del rischio cyber. Ha sottolineato che la sicurezza informatica deve essere integrata nella vita quotidiana, coinvolgendo leadership e dipendenti. La formazione continua e la simulazione di incidenti sono strumenti chiave per costruire una cultura aziendale resiliente. <\/p>\n<\/div>\n\n\n\n<div class=\"wp-block-column is-layout-flow wp-block-column-is-layout-flow\" style=\"flex-basis:10%\"><\/div>\n\n\n\n<div class=\"wp-block-column is-layout-flow wp-block-column-is-layout-flow\" style=\"flex-basis:15%\">\n<figure class=\"wp-block-image size-thumbnail is-style-rounded\"><img loading=\"lazy\" decoding=\"async\" width=\"150\" height=\"150\" src=\"https:\/\/gruppohalleyveneto.it\/wp-content\/uploads\/2025\/10\/IMG_9218-150x150.jpg\" alt=\"\" class=\"wp-image-8858\" srcset=\"https:\/\/gruppohalleyveneto.it\/wp-content\/uploads\/2025\/10\/IMG_9218-150x150.jpg 150w, https:\/\/gruppohalleyveneto.it\/wp-content\/uploads\/2025\/10\/IMG_9218-300x300.jpg 300w, https:\/\/gruppohalleyveneto.it\/wp-content\/uploads\/2025\/10\/IMG_9218-1024x1024.jpg 1024w, https:\/\/gruppohalleyveneto.it\/wp-content\/uploads\/2025\/10\/IMG_9218-768x768.jpg 768w, https:\/\/gruppohalleyveneto.it\/wp-content\/uploads\/2025\/10\/IMG_9218-1536x1536.jpg 1536w, https:\/\/gruppohalleyveneto.it\/wp-content\/uploads\/2025\/10\/IMG_9218-1320x1320.jpg 1320w, https:\/\/gruppohalleyveneto.it\/wp-content\/uploads\/2025\/10\/IMG_9218.jpg 1786w\" sizes=\"auto, (max-width: 150px) 100vw, 150px\" \/><\/figure>\n<\/div>\n\n\n\n<div class=\"wp-block-column is-layout-flow wp-block-column-is-layout-flow\" style=\"flex-basis:30%\">\n<p><strong>Ing.<\/strong> <strong>Andrea Italo Maffioli &#8211; Logbot Srl<\/strong><\/p>\n\n\n\n<p>Ha illustrato una demo pratica di cybersecurity industriale basata sulla norma IEC 62443, evidenziando l\u2019importanza di segmentare le reti, analizzare i rischi e formare il personale. Ha presentato un caso reale di applicazione in azienda, con un approccio su tre livelli: formazione, analisi e strumenti, per garantire sicurezza operativa e conformit\u00e0 normativa.<\/p>\n<\/div>\n<\/div>\n\n\n\n<div style=\"height:50px\" aria-hidden=\"true\" class=\"wp-block-spacer\"><\/div>\n\n\n\n<p><\/p>\n\n\n\n<p class=\"has-colibri-color-7-color has-text-color has-link-color wp-elements-cfc78d2cdb407b6e87e29fb125647e25\"><strong>Il nostro gruppo: Halley Veneto Srl (soggetto importante), Boxxapps Srl (soggetto essenziale) e Accatre Srl (soggetto essenziale) sono pienamente conformi alla Direttiva NIS2.<\/strong> Questa conformit\u00e0 testimonia il nostro impegno concreto per la sicurezza digitale e la resilienza operativa, garantendo ai nostri partner e alla Pubblica Amministrazione servizi affidabili e protetti.<\/p>\n\n\n\n<div class=\"wp-block-columns is-layout-flex wp-container-core-columns-is-layout-9d6595d7 wp-block-columns-is-layout-flex\">\n<div class=\"wp-block-column is-layout-flow wp-block-column-is-layout-flow\" style=\"flex-basis:33.34%\">\n<figure class=\"wp-block-image size-large\"><img loading=\"lazy\" decoding=\"async\" width=\"724\" height=\"1024\" src=\"https:\/\/gruppohalleyveneto.it\/wp-content\/uploads\/2025\/10\/Ingresso-NIS2-HALLEY-VENETO-01-724x1024.jpg\" alt=\"\" class=\"wp-image-8757\" srcset=\"https:\/\/gruppohalleyveneto.it\/wp-content\/uploads\/2025\/10\/Ingresso-NIS2-HALLEY-VENETO-01-724x1024.jpg 724w, https:\/\/gruppohalleyveneto.it\/wp-content\/uploads\/2025\/10\/Ingresso-NIS2-HALLEY-VENETO-01-212x300.jpg 212w, https:\/\/gruppohalleyveneto.it\/wp-content\/uploads\/2025\/10\/Ingresso-NIS2-HALLEY-VENETO-01-768x1087.jpg 768w, https:\/\/gruppohalleyveneto.it\/wp-content\/uploads\/2025\/10\/Ingresso-NIS2-HALLEY-VENETO-01-1085x1536.jpg 1085w, https:\/\/gruppohalleyveneto.it\/wp-content\/uploads\/2025\/10\/Ingresso-NIS2-HALLEY-VENETO-01-1447x2048.jpg 1447w, https:\/\/gruppohalleyveneto.it\/wp-content\/uploads\/2025\/10\/Ingresso-NIS2-HALLEY-VENETO-01-1320x1868.jpg 1320w, https:\/\/gruppohalleyveneto.it\/wp-content\/uploads\/2025\/10\/Ingresso-NIS2-HALLEY-VENETO-01-scaled.jpg 1809w\" sizes=\"auto, (max-width: 724px) 100vw, 724px\" \/><\/figure>\n<\/div>\n\n\n\n<div class=\"wp-block-column is-layout-flow wp-block-column-is-layout-flow\" style=\"flex-basis:33.34%\">\n<figure class=\"wp-block-image size-large\"><img loading=\"lazy\" decoding=\"async\" width=\"724\" height=\"1024\" src=\"https:\/\/gruppohalleyveneto.it\/wp-content\/uploads\/2025\/10\/Ingresso-NIS2-BOXXAPPS-01-724x1024.jpg\" alt=\"\" class=\"wp-image-8758\" srcset=\"https:\/\/gruppohalleyveneto.it\/wp-content\/uploads\/2025\/10\/Ingresso-NIS2-BOXXAPPS-01-724x1024.jpg 724w, https:\/\/gruppohalleyveneto.it\/wp-content\/uploads\/2025\/10\/Ingresso-NIS2-BOXXAPPS-01-212x300.jpg 212w, https:\/\/gruppohalleyveneto.it\/wp-content\/uploads\/2025\/10\/Ingresso-NIS2-BOXXAPPS-01-768x1087.jpg 768w, https:\/\/gruppohalleyveneto.it\/wp-content\/uploads\/2025\/10\/Ingresso-NIS2-BOXXAPPS-01-1085x1536.jpg 1085w, https:\/\/gruppohalleyveneto.it\/wp-content\/uploads\/2025\/10\/Ingresso-NIS2-BOXXAPPS-01-1447x2048.jpg 1447w, https:\/\/gruppohalleyveneto.it\/wp-content\/uploads\/2025\/10\/Ingresso-NIS2-BOXXAPPS-01-1320x1868.jpg 1320w, https:\/\/gruppohalleyveneto.it\/wp-content\/uploads\/2025\/10\/Ingresso-NIS2-BOXXAPPS-01-scaled.jpg 1809w\" sizes=\"auto, (max-width: 724px) 100vw, 724px\" \/><\/figure>\n<\/div>\n\n\n\n<div class=\"wp-block-column is-layout-flow wp-block-column-is-layout-flow\" style=\"flex-basis:33.33%\">\n<figure class=\"wp-block-image size-large\"><img loading=\"lazy\" decoding=\"async\" width=\"724\" height=\"1024\" src=\"https:\/\/gruppohalleyveneto.it\/wp-content\/uploads\/2025\/10\/Ingresso-NIS2-ACCATRE-01-724x1024.jpg\" alt=\"\" class=\"wp-image-8759\" srcset=\"https:\/\/gruppohalleyveneto.it\/wp-content\/uploads\/2025\/10\/Ingresso-NIS2-ACCATRE-01-724x1024.jpg 724w, https:\/\/gruppohalleyveneto.it\/wp-content\/uploads\/2025\/10\/Ingresso-NIS2-ACCATRE-01-212x300.jpg 212w, https:\/\/gruppohalleyveneto.it\/wp-content\/uploads\/2025\/10\/Ingresso-NIS2-ACCATRE-01-768x1087.jpg 768w, https:\/\/gruppohalleyveneto.it\/wp-content\/uploads\/2025\/10\/Ingresso-NIS2-ACCATRE-01-1085x1536.jpg 1085w, https:\/\/gruppohalleyveneto.it\/wp-content\/uploads\/2025\/10\/Ingresso-NIS2-ACCATRE-01-1447x2048.jpg 1447w, https:\/\/gruppohalleyveneto.it\/wp-content\/uploads\/2025\/10\/Ingresso-NIS2-ACCATRE-01-1320x1868.jpg 1320w, https:\/\/gruppohalleyveneto.it\/wp-content\/uploads\/2025\/10\/Ingresso-NIS2-ACCATRE-01-scaled.jpg 1809w\" sizes=\"auto, (max-width: 724px) 100vw, 724px\" \/><\/figure>\n<\/div>\n<\/div>\n\n\n\n<div class=\"wp-block-columns is-layout-flex wp-container-core-columns-is-layout-9d6595d7 wp-block-columns-is-layout-flex\">\n<div class=\"wp-block-column is-layout-flow wp-block-column-is-layout-flow\">\n<p class=\"has-text-align-center\"><strong>Ingresso NIS2 Halley Veneto<\/strong><\/p>\n<\/div>\n\n\n\n<div class=\"wp-block-column is-layout-flow wp-block-column-is-layout-flow\">\n<p class=\"has-text-align-center\"><strong>Ingresso NIS2 Boxxapps<\/strong><\/p>\n<\/div>\n\n\n\n<div class=\"wp-block-column is-layout-flow wp-block-column-is-layout-flow\">\n<p class=\"has-text-align-center\"><strong>Ingresso NIS2 Accatre<\/strong><\/p>\n<\/div>\n<\/div>\n","protected":false},"excerpt":{"rendered":"<p>In seguito alla conferenza proposta da Fenice Accademy &#8211; Fondazione Fenice il 29 ottobre a Vicenza, un&#8217;anno dopo l&#8217;entrata in vigore della NIS2 Introduzione La Direttiva NIS2, recepita in Italia con il Decreto Legislativo 4 settembre 2024, n. 138, rappresenta un&#8217;evoluzione significativa nel panorama della sicurezza informatica nazionale. Entrata in vigore il 16 ottobre 2024, [&hellip;]<\/p>\n","protected":false},"author":1,"featured_media":8166,"comment_status":"open","ping_status":"open","sticky":false,"template":"","format":"standard","meta":{"footnotes":""},"categories":[8],"tags":[],"class_list":["post-8756","post","type-post","status-publish","format-standard","has-post-thumbnail","hentry","category-eventi"],"_links":{"self":[{"href":"https:\/\/gruppohalleyveneto.it\/index.php\/wp-json\/wp\/v2\/posts\/8756","targetHints":{"allow":["GET"]}}],"collection":[{"href":"https:\/\/gruppohalleyveneto.it\/index.php\/wp-json\/wp\/v2\/posts"}],"about":[{"href":"https:\/\/gruppohalleyveneto.it\/index.php\/wp-json\/wp\/v2\/types\/post"}],"author":[{"embeddable":true,"href":"https:\/\/gruppohalleyveneto.it\/index.php\/wp-json\/wp\/v2\/users\/1"}],"replies":[{"embeddable":true,"href":"https:\/\/gruppohalleyveneto.it\/index.php\/wp-json\/wp\/v2\/comments?post=8756"}],"version-history":[{"count":41,"href":"https:\/\/gruppohalleyveneto.it\/index.php\/wp-json\/wp\/v2\/posts\/8756\/revisions"}],"predecessor-version":[{"id":8951,"href":"https:\/\/gruppohalleyveneto.it\/index.php\/wp-json\/wp\/v2\/posts\/8756\/revisions\/8951"}],"wp:featuredmedia":[{"embeddable":true,"href":"https:\/\/gruppohalleyveneto.it\/index.php\/wp-json\/wp\/v2\/media\/8166"}],"wp:attachment":[{"href":"https:\/\/gruppohalleyveneto.it\/index.php\/wp-json\/wp\/v2\/media?parent=8756"}],"wp:term":[{"taxonomy":"category","embeddable":true,"href":"https:\/\/gruppohalleyveneto.it\/index.php\/wp-json\/wp\/v2\/categories?post=8756"},{"taxonomy":"post_tag","embeddable":true,"href":"https:\/\/gruppohalleyveneto.it\/index.php\/wp-json\/wp\/v2\/tags?post=8756"}],"curies":[{"name":"wp","href":"https:\/\/api.w.org\/{rel}","templated":true}]}}