{"id":8720,"date":"2025-09-09T08:30:00","date_gmt":"2025-09-09T06:30:00","guid":{"rendered":"https:\/\/gruppohalleyveneto.it\/?p=8720"},"modified":"2025-11-13T14:54:17","modified_gmt":"2025-11-13T13:54:17","slug":"contributo-ai-comuni-per-la-messa-in-sicurezza","status":"publish","type":"post","link":"https:\/\/gruppohalleyveneto.it\/index.php\/2025\/09\/09\/contributo-ai-comuni-per-la-messa-in-sicurezza\/","title":{"rendered":"Contributo ai Comuni per la messa in sicurezza"},"content":{"rendered":"\n<p>Vi informiamo che, con Decreto del Ministero dell\u2019Interno del 14 luglio 2025 \u2013 attualmente in corso di pubblicazione sulla Gazzetta Ufficiale e gi\u00e0 disponibile sul portale della Finanza Locale \u2013 sono state definite le modalit\u00e0 per la presentazione delle istanze di contributo per le annualit\u00e0 <strong>2026, 2027 e 2028<\/strong>.<br>I contributi riguardano interventi di <strong>messa in sicurezza di edifici e del territorio<\/strong>, previsti dall\u2019art. 1, comma 139, della legge n. 145\/2018.<\/p>\n\n\n\n<p>\ud83d\udcc5 <strong>Quando presentare la richiesta<\/strong><br>Dal <strong>22 luglio 2025<\/strong> sar\u00e0 possibile compilare e inviare l\u2019istanza, utilizzando il modello allegato al Decreto, entro e non oltre le <strong>ore 24:00 del 15 settembre 2025<\/strong>.<br>L\u2019invio dovr\u00e0 essere effettuato <strong>esclusivamente online<\/strong> tramite la <strong>Piattaforma di Gestione delle Linee di Finanziamento (GLF)<\/strong>.<\/p>\n\n\n\n<p>\ud83d\udcb0 <strong>Importi massimi richiedibili<\/strong><br>Ogni Comune potr\u00e0 richiedere contributi per una o pi\u00f9 opere, nei limiti di:<\/p>\n\n\n\n<ul class=\"wp-block-list\">\n<li><strong>1.000.000 \u20ac<\/strong> per Comuni fino a 5.000 abitanti<\/li>\n\n\n\n<li><strong>2.500.000 \u20ac<\/strong> per Comuni da 5.001 a 25.000 abitanti<\/li>\n\n\n\n<li><strong>5.000.000 \u20ac<\/strong> per Comuni oltre 25.000 abitanti<\/li>\n<\/ul>\n\n\n\n<p>Non possono presentare istanza i Comuni che hanno gi\u00e0 ricevuto, per le annualit\u00e0 2023-2024-2025, l\u2019intero contributo spettante per la propria fascia demografica. Chi ha ricevuto solo una parte del contributo potr\u00e0 invece fare domanda per l\u2019importo residuo.<\/p>\n\n\n\n<p>\ud83c\udfd7\ufe0f <strong>Opere ammissibili<\/strong><br>Sono finanziabili esclusivamente interventi di:<\/p>\n\n\n\n<ul class=\"wp-block-list\">\n<li>messa in sicurezza del territorio a rischio idrogeologico<\/li>\n\n\n\n<li>messa in sicurezza di strade, ponti e viadotti<\/li>\n\n\n\n<li>messa in sicurezza ed efficientamento energetico di edifici, con priorit\u00e0 alle scuole<\/li>\n<\/ul>\n\n\n\n<p>Tutti gli interventi devono essere identificati con <strong>CUP di tipo \u201c03 \u2013 Realizzazione di lavori pubblici\u201d<\/strong>, escludendo quelli con tipologia \u201cmanutenzione ordinaria\u201d, \u201clavori socialmente utili\u201d o \u201caltro\u201d. \u00c8 importante che i settori e sotto-settori CUP siano corretti, per evitare l\u2019esclusione.<\/p>\n\n\n\n<p>\u270f\ufe0f <strong>Modifiche e rettifiche<\/strong><br>Se, prima della scadenza, fosse necessario correggere i dati trasmessi, sar\u00e0 possibile ritirare la certificazione gi\u00e0 inviata e inviarne una nuova tramite la piattaforma. La precedente certificazione perder\u00e0 validit\u00e0.<\/p>\n\n\n\n<p>\u26a0\ufe0f <strong>Cause di esclusione<\/strong><br>Saranno escluse le richieste:<\/p>\n\n\n\n<ul class=\"wp-block-list\">\n<li>con CUP non valido o non coerente con l\u2019intervento<\/li>\n\n\n\n<li>relative a opere non inserite negli strumenti programmatori<\/li>\n\n\n\n<li>provenienti da Comuni che non hanno trasmesso i documenti contabili alla BDAP, salvo sospensioni dei termini previste per legge<\/li>\n\n\n\n<li>presentate con modalit\u00e0 o tempistiche diverse da quelle stabilite dal Decreto<\/li>\n<\/ul>\n\n\n\n<p>\ud83d\udcd6 <strong>Documentazione di supporto<\/strong><br>Per tutti i dettagli operativi vi invitiamo a consultare il <strong>\u201cManuale Utente Linee di Finanziamento\u201d<\/strong>, predisposto dal Dipartimento della Ragioneria Generale dello Stato.<\/p>\n","protected":false},"excerpt":{"rendered":"<p>Vi informiamo che, con Decreto del Ministero dell\u2019Interno del 14 luglio 2025 \u2013 attualmente in corso di pubblicazione sulla Gazzetta Ufficiale e gi\u00e0 disponibile sul portale della Finanza Locale \u2013 sono state definite le modalit\u00e0 per la presentazione delle istanze di contributo per le annualit\u00e0 2026, 2027 e 2028.I contributi riguardano interventi di messa in [&hellip;]<\/p>\n","protected":false},"author":1,"featured_media":8721,"comment_status":"open","ping_status":"open","sticky":false,"template":"","format":"standard","meta":{"footnotes":""},"categories":[14],"tags":[],"class_list":["post-8720","post","type-post","status-publish","format-standard","has-post-thumbnail","hentry","category-sviluppo-territoriale"],"_links":{"self":[{"href":"https:\/\/gruppohalleyveneto.it\/index.php\/wp-json\/wp\/v2\/posts\/8720","targetHints":{"allow":["GET"]}}],"collection":[{"href":"https:\/\/gruppohalleyveneto.it\/index.php\/wp-json\/wp\/v2\/posts"}],"about":[{"href":"https:\/\/gruppohalleyveneto.it\/index.php\/wp-json\/wp\/v2\/types\/post"}],"author":[{"embeddable":true,"href":"https:\/\/gruppohalleyveneto.it\/index.php\/wp-json\/wp\/v2\/users\/1"}],"replies":[{"embeddable":true,"href":"https:\/\/gruppohalleyveneto.it\/index.php\/wp-json\/wp\/v2\/comments?post=8720"}],"version-history":[{"count":2,"href":"https:\/\/gruppohalleyveneto.it\/index.php\/wp-json\/wp\/v2\/posts\/8720\/revisions"}],"predecessor-version":[{"id":8733,"href":"https:\/\/gruppohalleyveneto.it\/index.php\/wp-json\/wp\/v2\/posts\/8720\/revisions\/8733"}],"wp:featuredmedia":[{"embeddable":true,"href":"https:\/\/gruppohalleyveneto.it\/index.php\/wp-json\/wp\/v2\/media\/8721"}],"wp:attachment":[{"href":"https:\/\/gruppohalleyveneto.it\/index.php\/wp-json\/wp\/v2\/media?parent=8720"}],"wp:term":[{"taxonomy":"category","embeddable":true,"href":"https:\/\/gruppohalleyveneto.it\/index.php\/wp-json\/wp\/v2\/categories?post=8720"},{"taxonomy":"post_tag","embeddable":true,"href":"https:\/\/gruppohalleyveneto.it\/index.php\/wp-json\/wp\/v2\/tags?post=8720"}],"curies":[{"name":"wp","href":"https:\/\/api.w.org\/{rel}","templated":true}]}}