{"id":7517,"date":"2024-08-26T09:23:35","date_gmt":"2024-08-26T07:23:35","guid":{"rendered":"https:\/\/gruppohalleyveneto.it\/?p=7517"},"modified":"2024-09-24T09:25:22","modified_gmt":"2024-09-24T07:25:22","slug":"manuale-del-neo-sindaco","status":"publish","type":"post","link":"https:\/\/gruppohalleyveneto.it\/index.php\/2024\/08\/26\/manuale-del-neo-sindaco\/","title":{"rendered":"Manuale del neo sindaco"},"content":{"rendered":"\n<p class=\"has-medium-font-size\"><strong>Il primo cittadino<\/strong><\/p>\n\n\n\n<p>Il Sindaco spesso viene chiamato in questo modo per sottolineare l\u2019importanza del ruolo che riveste e, tra tutte le figure politiche, \u00e8 quella pi\u00f9 vicina alla vita dei cittadini.<\/p>\n\n\n\n<p>Viene eletto solo dagli abitanti del comune e rimane <strong>in carica per 5 anni <\/strong>e con il compito di far funzionare bene la citt\u00e0.<\/p>\n\n\n\n<div style=\"height:13px\" aria-hidden=\"true\" class=\"wp-block-spacer\"><\/div>\n\n\n\n<p class=\"has-medium-font-size\"><strong>Elezione<\/strong><\/p>\n\n\n\n<p>Per candidarsi a sindaco bisogna aver compiuto <strong>almeno 18 anni.<\/strong><\/p>\n\n\n\n<p>Nei comuni fino a 15 mila abitanti \u00e8 eletto a primo cittadino il candidato che ottiene il maggior numero di voti.<\/p>\n\n\n\n<p>Nelle citt\u00e0 pi\u00f9 grandi, invece, il candidato deve ottenere la maggioranza assoluta dei voti validi, cio\u00e8 chi prende pi\u00f9 del 50%.<\/p>\n\n\n\n<p>Se nessuno ci riesce,<strong> si procede a ballottaggio<\/strong>, una sorta di spareggio tra i due rappresentanti che hanno preso il maggior numero di voti.<\/p>\n\n\n\n<div style=\"height:15px\" aria-hidden=\"true\" class=\"wp-block-spacer\"><\/div>\n\n\n\n<p class=\"has-medium-font-size\">A<strong>mministrative giugno \u201824<\/strong><\/p>\n\n\n\n<p><strong>3.698 comuni italiani sono stati coinvolti per il rinnovo delle proprie amministrazioni<\/strong>, in tutte le regioni; tra questi ci sono 27 capoluoghi di Provincia.<\/p>\n\n\n\n<p>Gli eventuali ballottaggi si sono svolti il 23 e 24 giugno solo nei comuni con pi\u00f9 di 15mila abitanti in cui nessun candidato ha ottenuto pi\u00f9 del 50% dei voti al primo turno dell\u20198 e 9 giugno.<\/p>\n\n\n\n<div style=\"height:13px\" aria-hidden=\"true\" class=\"wp-block-spacer\"><\/div>\n\n\n\n<p class=\"has-medium-font-size\"><strong>Primi adempimenti<\/strong><\/p>\n\n\n\n<p><strong>Entro 3 giorni<\/strong> dalla proclamazione degli eletti, il Sindaco pubblica i <strong>risultati<\/strong> delle elezioni all\u2019Albo pretorio del Comune e li notifica agli eletti.<\/p>\n\n\n\n<p><strong>Entro 10 giorni<\/strong> dalla proclamazione, il Sindaco convoca la prima seduta del Consiglio Comunale.<\/p>\n\n\n\n<p>Il Sindaco nomina i componenti della Giunta, tra cui un vicesindaco, nel rispetto del principio di pari opportunit\u00e0 tra donne e uomini.<\/p>\n\n\n\n<div style=\"height:13px\" aria-hidden=\"true\" class=\"wp-block-spacer\"><\/div>\n\n\n\n<p class=\"has-medium-font-size\"><strong>Convocazione del Consiglio Comunale<\/strong><\/p>\n\n\n\n<p>La prima seduta \u00e8 convocata e presieduta dal Sindaco fino all\u2019elezione del Presidente del Consiglio chesvolge funzioni di rappresentanza del Consiglio e ha il compito di convocarlo e presiederne le riunioni.<\/p>\n\n\n\n<p>Si riporta di seguito la tabella recante l\u2019attribuzione dei consiglieri in base alla fascia demografica dei Comuni:<\/p>\n\n\n\n<div style=\"height:11px\" aria-hidden=\"true\" class=\"wp-block-spacer\"><\/div>\n\n\n<div class=\"wp-block-image\">\n<figure class=\"aligncenter size-large is-resized\"><img loading=\"lazy\" decoding=\"async\" width=\"1024\" height=\"1024\" src=\"https:\/\/gruppohalleyveneto.it\/wp-content\/uploads\/2024\/09\/post-manuale-neo-sindaco-3-1024x1024.png\" alt=\"\" class=\"wp-image-7520\" style=\"width:547px;height:auto\" srcset=\"https:\/\/gruppohalleyveneto.it\/wp-content\/uploads\/2024\/09\/post-manuale-neo-sindaco-3-1024x1024.png 1024w, https:\/\/gruppohalleyveneto.it\/wp-content\/uploads\/2024\/09\/post-manuale-neo-sindaco-3-300x300.png 300w, https:\/\/gruppohalleyveneto.it\/wp-content\/uploads\/2024\/09\/post-manuale-neo-sindaco-3-150x150.png 150w, https:\/\/gruppohalleyveneto.it\/wp-content\/uploads\/2024\/09\/post-manuale-neo-sindaco-3-768x768.png 768w, https:\/\/gruppohalleyveneto.it\/wp-content\/uploads\/2024\/09\/post-manuale-neo-sindaco-3.png 1080w\" sizes=\"auto, (max-width: 1024px) 100vw, 1024px\" \/><\/figure>\n<\/div>\n\n\n<div style=\"height:14px\" aria-hidden=\"true\" class=\"wp-block-spacer\"><\/div>\n\n\n\n<p class=\"has-medium-font-size\"><strong>Composizione Giunta<\/strong><\/p>\n\n\n\n<p>La Giunta \u00e8 composta dal Sindaco e da un numero massimo di assessori<\/p>\n\n\n\n<p>determinato in misura pari a un quarto del numero dei consiglieri del comune, con arrotondamento all\u2019unit\u00e0 superiore.<\/p>\n\n\n\n<p>Il numero massimo degli assessori componenti la Giunta non pu\u00f2 essere, in ogni caso, superiore a 12 unit\u00e0 ed \u00e8 cos\u00ec ripartito secondo le seguenti fasce demografiche:<\/p>\n\n\n\n<div style=\"height:11px\" aria-hidden=\"true\" class=\"wp-block-spacer\"><\/div>\n\n\n<div class=\"wp-block-image\">\n<figure class=\"aligncenter size-full is-resized\"><img loading=\"lazy\" decoding=\"async\" width=\"1024\" height=\"1024\" src=\"https:\/\/gruppohalleyveneto.it\/wp-content\/uploads\/2024\/09\/image.png\" alt=\"Questa immagine ha l'attributo alt vuoto; il nome del file \u00e8 bkla-1024x1024.png\" class=\"wp-image-7524\" style=\"width:528px;height:auto\" srcset=\"https:\/\/gruppohalleyveneto.it\/wp-content\/uploads\/2024\/09\/image.png 1024w, https:\/\/gruppohalleyveneto.it\/wp-content\/uploads\/2024\/09\/image-300x300.png 300w, https:\/\/gruppohalleyveneto.it\/wp-content\/uploads\/2024\/09\/image-150x150.png 150w, https:\/\/gruppohalleyveneto.it\/wp-content\/uploads\/2024\/09\/image-768x768.png 768w\" sizes=\"auto, (max-width: 1024px) 100vw, 1024px\" \/><\/figure>\n<\/div>\n\n\n<div style=\"height:15px\" aria-hidden=\"true\" class=\"wp-block-spacer\"><\/div>\n\n\n\n<p class=\"has-medium-font-size\"><strong>Successivi adempimenti<\/strong><\/p>\n\n\n\n<p><strong>Entro 45 giorni <\/strong>dalla proclamazione, il Sindaco provvede alla nomina, alla designazione e alla revoca dei rappresentanti del Comune presso aziende, enti, istituzioni.<\/p>\n\n\n\n<p><strong>Entro 120 giorni <\/strong>dall\u2019avvenuto insediamento \u2013 ma non prima di 60 giorni &#8211; il Sindaco pu\u00f2 nominare un <strong>nuovo segretario comunale<\/strong>.<\/p>\n\n\n\n<div style=\"height:13px\" aria-hidden=\"true\" class=\"wp-block-spacer\"><\/div>\n\n\n\n<p class=\"has-medium-font-size\"><strong>Segretario comunale<\/strong><\/p>\n\n\n\n<p>Il Sindaco nomina il Segretario scegliendolo tra gli <strong>iscritti all\u2019albo nazionale<\/strong> dei segretari comunali e provinciali per svolgere compiti di collaborazione e funzioni di assistenza giuridico-amministrativa nei confronti degli organi dell&#8217;ente.<\/p>\n\n\n\n<p>La <strong>nomina ha durata corrispondente a quella del mandato del Sindaco<\/strong> che lo ha nominato.<\/p>\n\n\n\n<div style=\"height:13px\" aria-hidden=\"true\" class=\"wp-block-spacer\"><\/div>\n\n\n\n<p class=\"has-medium-font-size\"><strong>Incarichi dirigenziali<\/strong><\/p>\n\n\n\n<p>Il Sindaco provvede alla nomina dei <strong>responsabili <\/strong>degli <strong>uffici <\/strong>e dei<strong> servizi<\/strong>, alla attribuzione e definizione degli <strong>incarichi dirigenziali <\/strong>e di <strong>collaborazione esterna<\/strong>, secondo le modalit\u00e0 e i criteri stabiliti dalla normativa vigente.<\/p>\n\n\n\n<div style=\"height:13px\" aria-hidden=\"true\" class=\"wp-block-spacer\"><\/div>\n\n\n\n<p class=\"has-medium-font-size\"><strong>Relazione inizio mandato<\/strong><\/p>\n\n\n\n<p><strong>Entro 90 giorni<\/strong> dalla proclamazione, il Sindaco sottoscrive la relazione di inizio mandato, predisposta dal responsabile del servizio finanziario o dal segretario generale, volta a <strong>verificare la situazione finanziaria e patrimoniale<\/strong> e la misura dell\u2019indebitamento dell\u2019ente.<\/p>\n\n\n\n<p>Vuoi conoscere pi\u00f9 da vicino il mondo della PA? Seguici \ud83d\udce3<\/p>\n\n\n\n<div style=\"height:12px\" aria-hidden=\"true\" class=\"wp-block-spacer\"><\/div>\n","protected":false},"excerpt":{"rendered":"<p>Il primo cittadino Il Sindaco spesso viene chiamato in questo modo per sottolineare l\u2019importanza del ruolo che riveste e, tra tutte le figure politiche, \u00e8 quella pi\u00f9 vicina alla vita dei cittadini. Viene eletto solo dagli abitanti del comune e rimane in carica per 5 anni e con il compito di far funzionare bene la [&hellip;]<\/p>\n","protected":false},"author":1,"featured_media":7518,"comment_status":"open","ping_status":"open","sticky":false,"template":"","format":"standard","meta":{"footnotes":""},"categories":[15],"tags":[],"class_list":["post-7517","post","type-post","status-publish","format-standard","has-post-thumbnail","hentry","category-curiosita"],"_links":{"self":[{"href":"https:\/\/gruppohalleyveneto.it\/index.php\/wp-json\/wp\/v2\/posts\/7517","targetHints":{"allow":["GET"]}}],"collection":[{"href":"https:\/\/gruppohalleyveneto.it\/index.php\/wp-json\/wp\/v2\/posts"}],"about":[{"href":"https:\/\/gruppohalleyveneto.it\/index.php\/wp-json\/wp\/v2\/types\/post"}],"author":[{"embeddable":true,"href":"https:\/\/gruppohalleyveneto.it\/index.php\/wp-json\/wp\/v2\/users\/1"}],"replies":[{"embeddable":true,"href":"https:\/\/gruppohalleyveneto.it\/index.php\/wp-json\/wp\/v2\/comments?post=7517"}],"version-history":[{"count":2,"href":"https:\/\/gruppohalleyveneto.it\/index.php\/wp-json\/wp\/v2\/posts\/7517\/revisions"}],"predecessor-version":[{"id":7526,"href":"https:\/\/gruppohalleyveneto.it\/index.php\/wp-json\/wp\/v2\/posts\/7517\/revisions\/7526"}],"wp:featuredmedia":[{"embeddable":true,"href":"https:\/\/gruppohalleyveneto.it\/index.php\/wp-json\/wp\/v2\/media\/7518"}],"wp:attachment":[{"href":"https:\/\/gruppohalleyveneto.it\/index.php\/wp-json\/wp\/v2\/media?parent=7517"}],"wp:term":[{"taxonomy":"category","embeddable":true,"href":"https:\/\/gruppohalleyveneto.it\/index.php\/wp-json\/wp\/v2\/categories?post=7517"},{"taxonomy":"post_tag","embeddable":true,"href":"https:\/\/gruppohalleyveneto.it\/index.php\/wp-json\/wp\/v2\/tags?post=7517"}],"curies":[{"name":"wp","href":"https:\/\/api.w.org\/{rel}","templated":true}]}}