{"id":6129,"date":"2024-02-06T11:30:00","date_gmt":"2024-02-06T10:30:00","guid":{"rendered":"https:\/\/gruppohalleyveneto.it\/?p=6129"},"modified":"2024-02-06T16:12:52","modified_gmt":"2024-02-06T15:12:52","slug":"la-gestione-e-la-conservazione-dei-documenti-informatici","status":"publish","type":"post","link":"https:\/\/gruppohalleyveneto.it\/index.php\/2024\/02\/06\/la-gestione-e-la-conservazione-dei-documenti-informatici\/","title":{"rendered":"La gestione e la conservazione dei documenti informatici"},"content":{"rendered":"\n<p>Halley Campus ha organizzato due incontri via webinar per <strong>marted\u00ec 27 e gioved\u00ec 29 febbraio 2024 dalle ore 11 alle ore 13<\/strong> durante i quali l&#8217;Avv. Satta Gianluca &#8211; esperto di Diritto dell&#8217;Informatica e delle Nuove Tecnologie \u2013\u00a0ci parler\u00e0 delle competenze di base della disciplina e dei principali adempimenti in\u00a0materia di gestione e conservazione documentale nella Pubblica\u00a0Amministrazione.\u00a0<\/p>\n\n\n\n<div style=\"height:20px\" aria-hidden=\"true\" class=\"wp-block-spacer\"><\/div>\n\n\n\n<p>La gestione documentale \u00e8 un processo che caratterizza l&#8217;intero ciclo di vita del documento informatico e si suddivide in tre fasi fondamentali: formazione, gestione e conservazione. Nell&#8217;ambito di ognuna delle suddette fasi le Amministrazioni sono chiamate a svolgere una serie di attivit\u00e0 che si distinguono per complessit\u00e0, impatto, natura, finalit\u00e0 e\/o effetto, anche giuridico, alle quali corrispondono approcci metodologici e prassi operative distinte.<\/p>\n\n\n\n<div style=\"height:20px\" aria-hidden=\"true\" class=\"wp-block-spacer\"><\/div>\n\n\n\n<p>Durante il corso: <\/p>\n\n\n\n<ul class=\"wp-block-list\">\n<li>apprenderai le nozioni di base in materia di formazione, gestione e conservazione dei documenti informatici nella PA;<\/li>\n\n\n\n<li>acquisirai competenze utili per la corretta gestione dell&#8217;intero ciclo di vita del documento informatico;<\/li>\n\n\n\n<li>conoscerai e saprai interpretare il ruolo del Responsabile della gestione documentale e del Responsabile della conservazione, anche in rapporto con le altre figure della PA;<\/li>\n\n\n\n<li>conoscerai e saprai predisporre il manuale di gestione documentale e il manuale della conservazione.<\/li>\n<\/ul>\n\n\n\n<div style=\"height:20px\" aria-hidden=\"true\" class=\"wp-block-spacer\"><\/div>\n\n\n\n<p><strong>Iscrizioni aperte<\/strong><\/p>\n\n\n\n<p>Per i<strong>&nbsp;nostri clienti&nbsp;<\/strong>\u00e8 possibile iscriversi<strong>&nbsp;<\/strong>all\u2019incontro&nbsp;<strong>dalla piattaforma X-Desk<\/strong>.<\/p>\n\n\n\n<div style=\"height:20px\" aria-hidden=\"true\" class=\"wp-block-spacer\"><\/div>\n\n\n\n<p>Per maggiori informazioni visita il nostro <a href=\"https:\/\/www.halleycampus.it\/percorsi\/34\">sito<\/a>! \ud83d\udc48\ud83c\udffb<\/p>\n","protected":false},"excerpt":{"rendered":"<p>Halley Campus ha organizzato due incontri via webinar con l&#8217;Avv. Satta &#8211; esperti di Diritto dell&#8217;Informatica e delle Nuove Tecnologie<\/p>\n","protected":false},"author":1,"featured_media":6130,"comment_status":"closed","ping_status":"closed","sticky":false,"template":"","format":"standard","meta":{"footnotes":""},"categories":[10],"tags":[],"class_list":["post-6129","post","type-post","status-publish","format-standard","has-post-thumbnail","hentry","category-formazione"],"_links":{"self":[{"href":"https:\/\/gruppohalleyveneto.it\/index.php\/wp-json\/wp\/v2\/posts\/6129","targetHints":{"allow":["GET"]}}],"collection":[{"href":"https:\/\/gruppohalleyveneto.it\/index.php\/wp-json\/wp\/v2\/posts"}],"about":[{"href":"https:\/\/gruppohalleyveneto.it\/index.php\/wp-json\/wp\/v2\/types\/post"}],"author":[{"embeddable":true,"href":"https:\/\/gruppohalleyveneto.it\/index.php\/wp-json\/wp\/v2\/users\/1"}],"replies":[{"embeddable":true,"href":"https:\/\/gruppohalleyveneto.it\/index.php\/wp-json\/wp\/v2\/comments?post=6129"}],"version-history":[{"count":4,"href":"https:\/\/gruppohalleyveneto.it\/index.php\/wp-json\/wp\/v2\/posts\/6129\/revisions"}],"predecessor-version":[{"id":6135,"href":"https:\/\/gruppohalleyveneto.it\/index.php\/wp-json\/wp\/v2\/posts\/6129\/revisions\/6135"}],"wp:featuredmedia":[{"embeddable":true,"href":"https:\/\/gruppohalleyveneto.it\/index.php\/wp-json\/wp\/v2\/media\/6130"}],"wp:attachment":[{"href":"https:\/\/gruppohalleyveneto.it\/index.php\/wp-json\/wp\/v2\/media?parent=6129"}],"wp:term":[{"taxonomy":"category","embeddable":true,"href":"https:\/\/gruppohalleyveneto.it\/index.php\/wp-json\/wp\/v2\/categories?post=6129"},{"taxonomy":"post_tag","embeddable":true,"href":"https:\/\/gruppohalleyveneto.it\/index.php\/wp-json\/wp\/v2\/tags?post=6129"}],"curies":[{"name":"wp","href":"https:\/\/api.w.org\/{rel}","templated":true}]}}