{"id":5640,"date":"2023-11-29T09:43:04","date_gmt":"2023-11-29T08:43:04","guid":{"rendered":"https:\/\/gruppohalleyveneto.it\/?p=5640"},"modified":"2023-11-29T09:44:35","modified_gmt":"2023-11-29T08:44:35","slug":"novia-x-fondazione-di-comunita-della-saccisica","status":"publish","type":"post","link":"https:\/\/gruppohalleyveneto.it\/index.php\/2023\/11\/29\/novia-x-fondazione-di-comunita-della-saccisica\/","title":{"rendered":"Novia x Fondazione di Comunit\u00e0 della Saccisica"},"content":{"rendered":"\n<p>\u00c8 con grande soddisfazione che condividiamo la costituzione della Fondazione di Comunit\u00e0 della Saccisica avente come Presidente Luigi Rossi Luciani, imprenditore ed ex presidente provinciale e regionale di Confindustria.\u00a0\u00a0<\/p>\n\n\n\n<div style=\"height:20px\" aria-hidden=\"true\" class=\"wp-block-spacer\"><\/div>\n\n\n\n<p>Tale Intesa Programmatica d&#8217;Area \u00e8 un ente non profit che, con personalit\u00e0 giuridica autonoma unisce gli Enti locali, le parti sociali e il terzo settore del territorio con l\u2019obiettivo di migliorare della qualit\u00e0 della vita nelle comunit\u00e0 di appartenenza. Ci\u00f2 che la rende unica \u00e8 la sua natura di agenzia di sviluppo territoriale.<\/p>\n\n\n\n<div style=\"height:20px\" aria-hidden=\"true\" class=\"wp-block-spacer\"><\/div>\n\n\n\n<p>Siamo orgogliosi di aver contribuito alla creazione di questa Fondazione dedicata allo sviluppo locale senza precedenti nel Veneto e in Italia.<\/p>\n\n\n\n<div style=\"height:20px\" aria-hidden=\"true\" class=\"wp-block-spacer\"><\/div>\n\n\n\n<p>In Novia ci impegniamo a lavorare per il benessere e lo sviluppo del territorio.<\/p>\n\n\n\n<div style=\"height:20px\" aria-hidden=\"true\" class=\"wp-block-spacer\"><\/div>\n\n\n\n<figure class=\"wp-block-gallery aligncenter has-nested-images columns-default is-cropped wp-block-gallery-1 is-layout-flex wp-block-gallery-is-layout-flex\">\n<figure class=\"wp-block-image size-large\"><img loading=\"lazy\" decoding=\"async\" width=\"1024\" height=\"576\" data-id=\"5641\" src=\"https:\/\/gruppohalleyveneto.it\/wp-content\/uploads\/2023\/11\/2-1-1024x576.png\" alt=\"\" class=\"wp-image-5641\" srcset=\"https:\/\/gruppohalleyveneto.it\/wp-content\/uploads\/2023\/11\/2-1-1024x576.png 1024w, https:\/\/gruppohalleyveneto.it\/wp-content\/uploads\/2023\/11\/2-1-300x169.png 300w, https:\/\/gruppohalleyveneto.it\/wp-content\/uploads\/2023\/11\/2-1-768x432.png 768w, https:\/\/gruppohalleyveneto.it\/wp-content\/uploads\/2023\/11\/2-1-1536x864.png 1536w, https:\/\/gruppohalleyveneto.it\/wp-content\/uploads\/2023\/11\/2-1.png 1920w\" sizes=\"auto, (max-width: 1024px) 100vw, 1024px\" \/><\/figure>\n\n\n\n<figure class=\"wp-block-image size-large\"><img loading=\"lazy\" decoding=\"async\" width=\"1024\" height=\"576\" data-id=\"5642\" src=\"https:\/\/gruppohalleyveneto.it\/wp-content\/uploads\/2023\/11\/3-1-1024x576.png\" alt=\"\" class=\"wp-image-5642\" srcset=\"https:\/\/gruppohalleyveneto.it\/wp-content\/uploads\/2023\/11\/3-1-1024x576.png 1024w, https:\/\/gruppohalleyveneto.it\/wp-content\/uploads\/2023\/11\/3-1-300x169.png 300w, https:\/\/gruppohalleyveneto.it\/wp-content\/uploads\/2023\/11\/3-1-768x432.png 768w, https:\/\/gruppohalleyveneto.it\/wp-content\/uploads\/2023\/11\/3-1-1536x864.png 1536w, https:\/\/gruppohalleyveneto.it\/wp-content\/uploads\/2023\/11\/3-1.png 1920w\" sizes=\"auto, (max-width: 1024px) 100vw, 1024px\" \/><\/figure>\n<\/figure>\n","protected":false},"excerpt":{"rendered":"<p>\u00c8 con grande soddisfazione che condividiamo la costituzione della Fondazione di Comunit\u00e0 della Saccisica avente come Presidente Luigi Rossi Luciani, imprenditore ed ex presidente provinciale e regionale di Confindustria.\u00a0\u00a0 Tale Intesa Programmatica d&#8217;Area \u00e8 un ente non profit che, con personalit\u00e0 giuridica autonoma unisce gli Enti locali, le parti sociali e il terzo settore del [&hellip;]<\/p>\n","protected":false},"author":1,"featured_media":5643,"comment_status":"closed","ping_status":"open","sticky":false,"template":"","format":"standard","meta":{"footnotes":""},"categories":[14],"tags":[],"class_list":["post-5640","post","type-post","status-publish","format-standard","has-post-thumbnail","hentry","category-sviluppo-territoriale"],"_links":{"self":[{"href":"https:\/\/gruppohalleyveneto.it\/index.php\/wp-json\/wp\/v2\/posts\/5640","targetHints":{"allow":["GET"]}}],"collection":[{"href":"https:\/\/gruppohalleyveneto.it\/index.php\/wp-json\/wp\/v2\/posts"}],"about":[{"href":"https:\/\/gruppohalleyveneto.it\/index.php\/wp-json\/wp\/v2\/types\/post"}],"author":[{"embeddable":true,"href":"https:\/\/gruppohalleyveneto.it\/index.php\/wp-json\/wp\/v2\/users\/1"}],"replies":[{"embeddable":true,"href":"https:\/\/gruppohalleyveneto.it\/index.php\/wp-json\/wp\/v2\/comments?post=5640"}],"version-history":[{"count":1,"href":"https:\/\/gruppohalleyveneto.it\/index.php\/wp-json\/wp\/v2\/posts\/5640\/revisions"}],"predecessor-version":[{"id":5644,"href":"https:\/\/gruppohalleyveneto.it\/index.php\/wp-json\/wp\/v2\/posts\/5640\/revisions\/5644"}],"wp:featuredmedia":[{"embeddable":true,"href":"https:\/\/gruppohalleyveneto.it\/index.php\/wp-json\/wp\/v2\/media\/5643"}],"wp:attachment":[{"href":"https:\/\/gruppohalleyveneto.it\/index.php\/wp-json\/wp\/v2\/media?parent=5640"}],"wp:term":[{"taxonomy":"category","embeddable":true,"href":"https:\/\/gruppohalleyveneto.it\/index.php\/wp-json\/wp\/v2\/categories?post=5640"},{"taxonomy":"post_tag","embeddable":true,"href":"https:\/\/gruppohalleyveneto.it\/index.php\/wp-json\/wp\/v2\/tags?post=5640"}],"curies":[{"name":"wp","href":"https:\/\/api.w.org\/{rel}","templated":true}]}}