{"id":3146,"date":"2023-02-07T12:49:20","date_gmt":"2023-02-07T11:49:20","guid":{"rendered":"https:\/\/gruppohalleyveneto.it\/?p=3146"},"modified":"2023-03-02T14:48:34","modified_gmt":"2023-03-02T13:48:34","slug":"giornata-internazionale-contro-il-cyberbullismo","status":"publish","type":"post","link":"https:\/\/gruppohalleyveneto.it\/index.php\/2023\/02\/07\/giornata-internazionale-contro-il-cyberbullismo\/","title":{"rendered":"Giornata internazionale contro il cyberbullismo"},"content":{"rendered":"\n<p>Il <strong>Cyberbullismo<\/strong> rimane una delle <strong>minacce pi\u00f9 temute<\/strong> tra i giovani, i pi\u00f9 sensibili e vicini al mondo digitale, perch\u00e9 conoscono bene la pericolosit\u00e0 del web.<\/p>\n\n\n\n<p>Da un\u2019indagine emerge che <strong>pi\u00f9 della met\u00e0 <\/strong>dei partecipanti<strong> ha dichiarato di non sentirsi al sicuro quando naviga online<\/strong>.<\/p>\n\n\n\n<p>\u00c9 stato rilevato che tra i <strong>rischi maggiori percepiti<\/strong> dagli intervistati, al primo posto c\u2019\u00e8 il <strong>cyberbullismo<\/strong>, seguito dalla <strong>perdita della propria privacy<\/strong>, dal rischio di <strong>adescamento da parte di malintenzionati<\/strong>, dallo <strong>stalking<\/strong> e<\/p>\n\n\n\n<p>dalle <strong>molestie online<\/strong>.<\/p>\n\n\n\n<p>Il bullismo e il cyberbullismo possono<strong> causare danni irreparabili <\/strong>alla salute mentale e fisica.<\/p>\n\n\n\n<p>Questo ci fa comprendere l&#8217;<strong>importanza di creare un ambiente online inclusivo e rispettoso <\/strong>per tutti ma allo stesso tempo risulta <strong>necessario essere coscienti dei rischi<\/strong> che il mondo digitale presenta.<\/p>\n\n\n\n<p>Emerge chiaramente quanto sia <strong>fondamentale investire su programmi di prevenzione, istruzione e sensibilizzazione<\/strong> rispetto ai temi che gravitano attorno al digitale coinvolgendo tutte le fasce di utenti che navigano<\/p>\n\n\n\n<p>e\/o usufruiscono di servizi in rete.<\/p>\n\n\n\n<p><strong>Diventa un cittadino digitale cosciente e responsabile!<\/strong><\/p>\n\n\n\n<p>Visiona le nostre video-pillole create per te in Halley Campus<\/p>\n\n\n\n<div style=\"height:22px\" aria-hidden=\"true\" class=\"wp-block-spacer\"><\/div>\n\n\n\n<div class=\"wp-block-buttons is-content-justification-left is-layout-flex wp-container-core-buttons-is-layout-fdcfc74e wp-block-buttons-is-layout-flex\" style=\"font-style:normal;font-weight:700\">\n<div class=\"wp-block-button has-custom-width wp-block-button__width-50 has-custom-font-size is-style-fill has-medium-font-size\"><a class=\"wp-block-button__link has-background wp-element-button\" href=\"https:\/\/www.halleycampus.it\/percorsi\/18\" style=\"border-radius:100px;background-color:#fe0000\" target=\"_blank\" rel=\"noreferrer noopener\">Guarda il corso<\/a><\/div>\n<\/div>\n\n\n\n<div style=\"height:30px\" aria-hidden=\"true\" class=\"wp-block-spacer\"><\/div>\n","protected":false},"excerpt":{"rendered":"<p>Il Cyberbullismo rimane una delle minacce pi\u00f9 temute tra i giovani, i pi\u00f9 sensibili e vicini al mondo digitale, perch\u00e9 conoscono bene la pericolosit\u00e0 del web. Da un\u2019indagine emerge che pi\u00f9 della met\u00e0 dei partecipanti ha dichiarato di non sentirsi al sicuro quando naviga online. \u00c9 stato rilevato che tra i rischi maggiori percepiti dagli [&hellip;]<\/p>\n","protected":false},"author":1,"featured_media":3149,"comment_status":"open","ping_status":"open","sticky":false,"template":"","format":"standard","meta":{"footnotes":""},"categories":[9],"tags":[],"class_list":["post-3146","post","type-post","status-publish","format-standard","has-post-thumbnail","hentry","category-tecnologia"],"_links":{"self":[{"href":"https:\/\/gruppohalleyveneto.it\/index.php\/wp-json\/wp\/v2\/posts\/3146","targetHints":{"allow":["GET"]}}],"collection":[{"href":"https:\/\/gruppohalleyveneto.it\/index.php\/wp-json\/wp\/v2\/posts"}],"about":[{"href":"https:\/\/gruppohalleyveneto.it\/index.php\/wp-json\/wp\/v2\/types\/post"}],"author":[{"embeddable":true,"href":"https:\/\/gruppohalleyveneto.it\/index.php\/wp-json\/wp\/v2\/users\/1"}],"replies":[{"embeddable":true,"href":"https:\/\/gruppohalleyveneto.it\/index.php\/wp-json\/wp\/v2\/comments?post=3146"}],"version-history":[{"count":6,"href":"https:\/\/gruppohalleyveneto.it\/index.php\/wp-json\/wp\/v2\/posts\/3146\/revisions"}],"predecessor-version":[{"id":3184,"href":"https:\/\/gruppohalleyveneto.it\/index.php\/wp-json\/wp\/v2\/posts\/3146\/revisions\/3184"}],"wp:featuredmedia":[{"embeddable":true,"href":"https:\/\/gruppohalleyveneto.it\/index.php\/wp-json\/wp\/v2\/media\/3149"}],"wp:attachment":[{"href":"https:\/\/gruppohalleyveneto.it\/index.php\/wp-json\/wp\/v2\/media?parent=3146"}],"wp:term":[{"taxonomy":"category","embeddable":true,"href":"https:\/\/gruppohalleyveneto.it\/index.php\/wp-json\/wp\/v2\/categories?post=3146"},{"taxonomy":"post_tag","embeddable":true,"href":"https:\/\/gruppohalleyveneto.it\/index.php\/wp-json\/wp\/v2\/tags?post=3146"}],"curies":[{"name":"wp","href":"https:\/\/api.w.org\/{rel}","templated":true}]}}